{"id":21722,"date":"2025-06-27T13:21:15","date_gmt":"2025-06-27T11:21:15","guid":{"rendered":"https:\/\/parquedecabarceno.com\/horarios-de-verano\/"},"modified":"2025-07-04T12:07:11","modified_gmt":"2025-07-04T10:07:11","slug":"cabarceno-summer-schedule","status":"publish","type":"post","link":"https:\/\/parquedecabarceno.com\/english\/cabarceno-summer-schedule\/","title":{"rendered":"Cab\u00e1rceno Summer Schedule"},"content":{"rendered":"<p><strong>Summer hours at Cab\u00e1rceno<\/strong> will be in effect starting <strong>Tuesday, July 1<\/strong>.<\/p>\n<p>From that date, and <strong>lasting until August 31<\/strong>, Cab\u00e1rceno&#8217;s services will be open to the public with the following hours:<\/p>\n<ul>\n<li><a href=\"https:\/\/parquedecabarceno.com\/planifica-tu-visita\/horario\/\">Ticket offices<\/a>: from 9:00 AM to 6:00 PM.<\/li>\n<li><a href=\"https:\/\/parquedecabarceno.com\/tipoanimal\/reptiles\/\">Reptile House<\/a>: from 9:30 AM to 7:30 PM.<\/li>\n<li><a href=\"https:\/\/parquedecabarceno.com\/experiencias-cabarceno\/demostraciones\/\">Birds of Prey Exhibition<\/a>: at 12:00 PM, 3:30 PM, and 5:30 PM.<\/li>\n<li><a href=\"https:\/\/parquedecabarceno.com\/planifica-tu-visita\/telecabina\/\">Cable car<\/a>: from 9:30 AM to 6:30 PM (last ascent at 6:00 PM).<\/li>\n<li>Tourist Information Office: from 9:00 AM to 6:00 PM.<\/li>\n<li><a href=\"https:\/\/parquedecabarceno.com\/planifica-tu-visita\/servicios\/\">Los Osos Restaurant and Burger Joint<\/a>: from 1:00 PM to 4:00 PM.<\/li>\n<li>Los Osos Cafeteria: Monday to Friday from 10:00 AM to 5:30 PM, Saturdays and Sundays from 10:00 AM to 6:00 PM<\/li>\n<li>Cafeteria La Mina: from 9:30 AM to 8:00 PM.<\/li>\n<li>La Mina Shop*: from 10:00 AM to 8:00 PM.<\/li>\n<li>Los Osos Shop*: from 11:00 AM to 6:00 PM.<\/li>\n<li>Gorillas Shop*: from 11:00 AM to 7:00 PM.<\/li>\n<li>La Granja Shop*: from 11:00 AM to 7:00 PM.<\/li>\n<\/ul>\n<p>&nbsp;<\/p>\n<p>* The park&#8217;s shops will maintain these hours until September 15th.<\/p>\n","protected":false},"excerpt":{"rendered":"<p><strong>As of July 1st, the park is extending its hours and expanding its offerings for restaurants and shops.<\/strong><\/p>\n","protected":false},"author":2,"featured_media":21723,"comment_status":"closed","ping_status":"closed","sticky":false,"template":"","format":"standard","meta":{"_acf_changed":false,"_monsterinsights_skip_tracking":false,"_monsterinsights_sitenote_active":false,"_monsterinsights_sitenote_note":"","_monsterinsights_sitenote_category":0,"footnotes":"","_links_to":"","_links_to_target":""},"categories":[347],"tags":[353,356,358,359,357],"class_list":["post-21722","post","type-post","status-publish","format-standard","has-post-thumbnail","hentry","category-general-english","tag-cabarceno-park","tag-cantabria-tourism","tag-july-2025","tag-summer-2025","tag-summer-schedule"],"acf":[],"yoast_head":"<!-- This site is optimized with the Yoast SEO plugin v27.3 - https:\/\/yoast.com\/product\/yoast-seo-wordpress\/ -->\n<title>Cab\u00e1rceno Summer Schedule - Parque de la Naturaleza de Cab\u00e1rceno<\/title>\n<meta name=\"description\" content=\"Cab\u00e1rceno Park begins its summer operating hours on Tuesday, July 1, and these hours will remain in effect until August 31.\" \/>\n<meta name=\"robots\" content=\"index, follow, max-snippet:-1, max-image-preview:large, max-video-preview:-1\" \/>\n<link rel=\"canonical\" href=\"https:\/\/parquedecabarceno.com\/english\/cabarceno-summer-schedule\/\" \/>\n<meta property=\"og:locale\" content=\"en_US\" \/>\n<meta property=\"og:type\" content=\"article\" \/>\n<meta property=\"og:title\" content=\"Cab\u00e1rceno Summer Schedule - Parque de la Naturaleza de Cab\u00e1rceno\" \/>\n<meta property=\"og:description\" content=\"Cab\u00e1rceno Park begins its summer operating hours on Tuesday, July 1, and these hours will remain in effect until August 31.\" \/>\n<meta property=\"og:url\" content=\"https:\/\/parquedecabarceno.com\/english\/cabarceno-summer-schedule\/\" \/>\n<meta property=\"og:site_name\" content=\"Parque de la Naturaleza de Cab\u00e1rceno\" \/>\n<meta property=\"article:publisher\" content=\"https:\/\/www.facebook.com\/P.Cabarceno\/?locale=es_ES\" \/>\n<meta property=\"article:published_time\" content=\"2025-06-27T11:21:15+00:00\" \/>\n<meta property=\"article:modified_time\" content=\"2025-07-04T10:07:11+00:00\" \/>\n<meta property=\"og:image\" content=\"https:\/\/parquedecabarceno.com\/wp-content\/uploads\/2025\/06\/pnc-bienvenido-verano-igpost.jpg\" \/>\n\t<meta property=\"og:image:width\" content=\"1000\" \/>\n\t<meta property=\"og:image:height\" content=\"1000\" \/>\n\t<meta property=\"og:image:type\" content=\"image\/jpeg\" \/>\n<meta name=\"author\" content=\"marketing1\" \/>\n<meta name=\"twitter:card\" content=\"summary_large_image\" \/>\n<meta name=\"twitter:creator\" content=\"@PCabarceno\" \/>\n<meta name=\"twitter:site\" content=\"@PCabarceno\" \/>\n<meta name=\"twitter:label1\" content=\"Written by\" \/>\n\t<meta name=\"twitter:data1\" content=\"marketing1\" \/>\n\t<meta name=\"twitter:label2\" content=\"Est. reading time\" \/>\n\t<meta name=\"twitter:data2\" content=\"1 minute\" \/>\n<script type=\"application\/ld+json\" class=\"yoast-schema-graph\">{\"@context\":\"https:\\\/\\\/schema.org\",\"@graph\":[{\"@type\":\"Article\",\"@id\":\"https:\\\/\\\/parquedecabarceno.com\\\/english\\\/cabarceno-summer-schedule\\\/#article\",\"isPartOf\":{\"@id\":\"https:\\\/\\\/parquedecabarceno.com\\\/english\\\/cabarceno-summer-schedule\\\/\"},\"author\":{\"name\":\"marketing1\",\"@id\":\"https:\\\/\\\/parquedecabarceno.com\\\/english\\\/#\\\/schema\\\/person\\\/4149c8548a5055a7155b5976a67914b9\"},\"headline\":\"Cab\u00e1rceno Summer Schedule\",\"datePublished\":\"2025-06-27T11:21:15+00:00\",\"dateModified\":\"2025-07-04T10:07:11+00:00\",\"mainEntityOfPage\":{\"@id\":\"https:\\\/\\\/parquedecabarceno.com\\\/english\\\/cabarceno-summer-schedule\\\/\"},\"wordCount\":146,\"publisher\":{\"@id\":\"https:\\\/\\\/parquedecabarceno.com\\\/english\\\/#organization\"},\"image\":{\"@id\":\"https:\\\/\\\/parquedecabarceno.com\\\/english\\\/cabarceno-summer-schedule\\\/#primaryimage\"},\"thumbnailUrl\":\"https:\\\/\\\/parquedecabarceno.com\\\/wp-content\\\/uploads\\\/2025\\\/06\\\/pnc-bienvenido-verano-igpost.jpg\",\"keywords\":[\"Cab\u00e1rceno Park\",\"Cantabria Tourism\",\"July 2025\",\"summer 2025\",\"summer schedule\"],\"articleSection\":[\"General\"],\"inLanguage\":\"en-UK\"},{\"@type\":\"WebPage\",\"@id\":\"https:\\\/\\\/parquedecabarceno.com\\\/english\\\/cabarceno-summer-schedule\\\/\",\"url\":\"https:\\\/\\\/parquedecabarceno.com\\\/english\\\/cabarceno-summer-schedule\\\/\",\"name\":\"Cab\u00e1rceno Summer Schedule - Parque de la Naturaleza de Cab\u00e1rceno\",\"isPartOf\":{\"@id\":\"https:\\\/\\\/parquedecabarceno.com\\\/english\\\/#website\"},\"primaryImageOfPage\":{\"@id\":\"https:\\\/\\\/parquedecabarceno.com\\\/english\\\/cabarceno-summer-schedule\\\/#primaryimage\"},\"image\":{\"@id\":\"https:\\\/\\\/parquedecabarceno.com\\\/english\\\/cabarceno-summer-schedule\\\/#primaryimage\"},\"thumbnailUrl\":\"https:\\\/\\\/parquedecabarceno.com\\\/wp-content\\\/uploads\\\/2025\\\/06\\\/pnc-bienvenido-verano-igpost.jpg\",\"datePublished\":\"2025-06-27T11:21:15+00:00\",\"dateModified\":\"2025-07-04T10:07:11+00:00\",\"description\":\"Cab\u00e1rceno Park begins its summer operating hours on Tuesday, July 1, and these hours will remain in effect until August 31.\",\"breadcrumb\":{\"@id\":\"https:\\\/\\\/parquedecabarceno.com\\\/english\\\/cabarceno-summer-schedule\\\/#breadcrumb\"},\"inLanguage\":\"en-UK\",\"potentialAction\":[{\"@type\":\"ReadAction\",\"target\":[\"https:\\\/\\\/parquedecabarceno.com\\\/english\\\/cabarceno-summer-schedule\\\/\"]}]},{\"@type\":\"ImageObject\",\"inLanguage\":\"en-UK\",\"@id\":\"https:\\\/\\\/parquedecabarceno.com\\\/english\\\/cabarceno-summer-schedule\\\/#primaryimage\",\"url\":\"https:\\\/\\\/parquedecabarceno.com\\\/wp-content\\\/uploads\\\/2025\\\/06\\\/pnc-bienvenido-verano-igpost.jpg\",\"contentUrl\":\"https:\\\/\\\/parquedecabarceno.com\\\/wp-content\\\/uploads\\\/2025\\\/06\\\/pnc-bienvenido-verano-igpost.jpg\",\"width\":1000,\"height\":1000,\"caption\":\"Horarios de verano en Cab\u00e1rceno\"},{\"@type\":\"BreadcrumbList\",\"@id\":\"https:\\\/\\\/parquedecabarceno.com\\\/english\\\/cabarceno-summer-schedule\\\/#breadcrumb\",\"itemListElement\":[{\"@type\":\"ListItem\",\"position\":1,\"name\":\"Portada\",\"item\":\"https:\\\/\\\/parquedecabarceno.com\\\/english\\\/\"},{\"@type\":\"ListItem\",\"position\":2,\"name\":\"Cab\u00e1rceno Summer Schedule\"}]},{\"@type\":\"WebSite\",\"@id\":\"https:\\\/\\\/parquedecabarceno.com\\\/english\\\/#website\",\"url\":\"https:\\\/\\\/parquedecabarceno.com\\\/english\\\/\",\"name\":\"Parque de la Naturaleza de Cab\u00e1rceno\",\"description\":\"Turismo de Cantabria\",\"publisher\":{\"@id\":\"https:\\\/\\\/parquedecabarceno.com\\\/english\\\/#organization\"},\"potentialAction\":[{\"@type\":\"SearchAction\",\"target\":{\"@type\":\"EntryPoint\",\"urlTemplate\":\"https:\\\/\\\/parquedecabarceno.com\\\/english\\\/?s={search_term_string}\"},\"query-input\":{\"@type\":\"PropertyValueSpecification\",\"valueRequired\":true,\"valueName\":\"search_term_string\"}}],\"inLanguage\":\"en-UK\"},{\"@type\":\"Organization\",\"@id\":\"https:\\\/\\\/parquedecabarceno.com\\\/english\\\/#organization\",\"name\":\"Parque de la Naturaleza de Cab\u00e1rceno\",\"url\":\"https:\\\/\\\/parquedecabarceno.com\\\/english\\\/\",\"logo\":{\"@type\":\"ImageObject\",\"inLanguage\":\"en-UK\",\"@id\":\"https:\\\/\\\/parquedecabarceno.com\\\/english\\\/#\\\/schema\\\/logo\\\/image\\\/\",\"url\":\"https:\\\/\\\/parquedecabarceno.com\\\/wp-content\\\/uploads\\\/2023\\\/04\\\/163x55-2.webp\",\"contentUrl\":\"https:\\\/\\\/parquedecabarceno.com\\\/wp-content\\\/uploads\\\/2023\\\/04\\\/163x55-2.webp\",\"width\":163,\"height\":55,\"caption\":\"Parque de la Naturaleza de Cab\u00e1rceno\"},\"image\":{\"@id\":\"https:\\\/\\\/parquedecabarceno.com\\\/english\\\/#\\\/schema\\\/logo\\\/image\\\/\"},\"sameAs\":[\"https:\\\/\\\/www.facebook.com\\\/P.Cabarceno\\\/?locale=es_ES\",\"https:\\\/\\\/x.com\\\/PCabarceno\",\"https:\\\/\\\/www.instagram.com\\\/cabarcenooficial\\\/?hl=es\",\"https:\\\/\\\/www.youtube.com\\\/@cantabriaturismo\"]},{\"@type\":\"Person\",\"@id\":\"https:\\\/\\\/parquedecabarceno.com\\\/english\\\/#\\\/schema\\\/person\\\/4149c8548a5055a7155b5976a67914b9\",\"name\":\"marketing1\"}]}<\/script>\n<!-- \/ Yoast SEO plugin. -->","yoast_head_json":{"title":"Cab\u00e1rceno Summer Schedule - Parque de la Naturaleza de Cab\u00e1rceno","description":"Cab\u00e1rceno Park begins its summer operating hours on Tuesday, July 1, and these hours will remain in effect until August 31.","robots":{"index":"index","follow":"follow","max-snippet":"max-snippet:-1","max-image-preview":"max-image-preview:large","max-video-preview":"max-video-preview:-1"},"canonical":"https:\/\/parquedecabarceno.com\/english\/cabarceno-summer-schedule\/","og_locale":"en_US","og_type":"article","og_title":"Cab\u00e1rceno Summer Schedule - Parque de la Naturaleza de Cab\u00e1rceno","og_description":"Cab\u00e1rceno Park begins its summer operating hours on Tuesday, July 1, and these hours will remain in effect until August 31.","og_url":"https:\/\/parquedecabarceno.com\/english\/cabarceno-summer-schedule\/","og_site_name":"Parque de la Naturaleza de Cab\u00e1rceno","article_publisher":"https:\/\/www.facebook.com\/P.Cabarceno\/?locale=es_ES","article_published_time":"2025-06-27T11:21:15+00:00","article_modified_time":"2025-07-04T10:07:11+00:00","og_image":[{"width":1000,"height":1000,"url":"https:\/\/parquedecabarceno.com\/wp-content\/uploads\/2025\/06\/pnc-bienvenido-verano-igpost.jpg","type":"image\/jpeg"}],"author":"marketing1","twitter_card":"summary_large_image","twitter_creator":"@PCabarceno","twitter_site":"@PCabarceno","twitter_misc":{"Written by":"marketing1","Est. reading time":"1 minute"},"schema":{"@context":"https:\/\/schema.org","@graph":[{"@type":"Article","@id":"https:\/\/parquedecabarceno.com\/english\/cabarceno-summer-schedule\/#article","isPartOf":{"@id":"https:\/\/parquedecabarceno.com\/english\/cabarceno-summer-schedule\/"},"author":{"name":"marketing1","@id":"https:\/\/parquedecabarceno.com\/english\/#\/schema\/person\/4149c8548a5055a7155b5976a67914b9"},"headline":"Cab\u00e1rceno Summer Schedule","datePublished":"2025-06-27T11:21:15+00:00","dateModified":"2025-07-04T10:07:11+00:00","mainEntityOfPage":{"@id":"https:\/\/parquedecabarceno.com\/english\/cabarceno-summer-schedule\/"},"wordCount":146,"publisher":{"@id":"https:\/\/parquedecabarceno.com\/english\/#organization"},"image":{"@id":"https:\/\/parquedecabarceno.com\/english\/cabarceno-summer-schedule\/#primaryimage"},"thumbnailUrl":"https:\/\/parquedecabarceno.com\/wp-content\/uploads\/2025\/06\/pnc-bienvenido-verano-igpost.jpg","keywords":["Cab\u00e1rceno Park","Cantabria Tourism","July 2025","summer 2025","summer schedule"],"articleSection":["General"],"inLanguage":"en-UK"},{"@type":"WebPage","@id":"https:\/\/parquedecabarceno.com\/english\/cabarceno-summer-schedule\/","url":"https:\/\/parquedecabarceno.com\/english\/cabarceno-summer-schedule\/","name":"Cab\u00e1rceno Summer Schedule - Parque de la Naturaleza de Cab\u00e1rceno","isPartOf":{"@id":"https:\/\/parquedecabarceno.com\/english\/#website"},"primaryImageOfPage":{"@id":"https:\/\/parquedecabarceno.com\/english\/cabarceno-summer-schedule\/#primaryimage"},"image":{"@id":"https:\/\/parquedecabarceno.com\/english\/cabarceno-summer-schedule\/#primaryimage"},"thumbnailUrl":"https:\/\/parquedecabarceno.com\/wp-content\/uploads\/2025\/06\/pnc-bienvenido-verano-igpost.jpg","datePublished":"2025-06-27T11:21:15+00:00","dateModified":"2025-07-04T10:07:11+00:00","description":"Cab\u00e1rceno Park begins its summer operating hours on Tuesday, July 1, and these hours will remain in effect until August 31.","breadcrumb":{"@id":"https:\/\/parquedecabarceno.com\/english\/cabarceno-summer-schedule\/#breadcrumb"},"inLanguage":"en-UK","potentialAction":[{"@type":"ReadAction","target":["https:\/\/parquedecabarceno.com\/english\/cabarceno-summer-schedule\/"]}]},{"@type":"ImageObject","inLanguage":"en-UK","@id":"https:\/\/parquedecabarceno.com\/english\/cabarceno-summer-schedule\/#primaryimage","url":"https:\/\/parquedecabarceno.com\/wp-content\/uploads\/2025\/06\/pnc-bienvenido-verano-igpost.jpg","contentUrl":"https:\/\/parquedecabarceno.com\/wp-content\/uploads\/2025\/06\/pnc-bienvenido-verano-igpost.jpg","width":1000,"height":1000,"caption":"Horarios de verano en Cab\u00e1rceno"},{"@type":"BreadcrumbList","@id":"https:\/\/parquedecabarceno.com\/english\/cabarceno-summer-schedule\/#breadcrumb","itemListElement":[{"@type":"ListItem","position":1,"name":"Portada","item":"https:\/\/parquedecabarceno.com\/english\/"},{"@type":"ListItem","position":2,"name":"Cab\u00e1rceno Summer Schedule"}]},{"@type":"WebSite","@id":"https:\/\/parquedecabarceno.com\/english\/#website","url":"https:\/\/parquedecabarceno.com\/english\/","name":"Parque de la Naturaleza de Cab\u00e1rceno","description":"Turismo de Cantabria","publisher":{"@id":"https:\/\/parquedecabarceno.com\/english\/#organization"},"potentialAction":[{"@type":"SearchAction","target":{"@type":"EntryPoint","urlTemplate":"https:\/\/parquedecabarceno.com\/english\/?s={search_term_string}"},"query-input":{"@type":"PropertyValueSpecification","valueRequired":true,"valueName":"search_term_string"}}],"inLanguage":"en-UK"},{"@type":"Organization","@id":"https:\/\/parquedecabarceno.com\/english\/#organization","name":"Parque de la Naturaleza de Cab\u00e1rceno","url":"https:\/\/parquedecabarceno.com\/english\/","logo":{"@type":"ImageObject","inLanguage":"en-UK","@id":"https:\/\/parquedecabarceno.com\/english\/#\/schema\/logo\/image\/","url":"https:\/\/parquedecabarceno.com\/wp-content\/uploads\/2023\/04\/163x55-2.webp","contentUrl":"https:\/\/parquedecabarceno.com\/wp-content\/uploads\/2023\/04\/163x55-2.webp","width":163,"height":55,"caption":"Parque de la Naturaleza de Cab\u00e1rceno"},"image":{"@id":"https:\/\/parquedecabarceno.com\/english\/#\/schema\/logo\/image\/"},"sameAs":["https:\/\/www.facebook.com\/P.Cabarceno\/?locale=es_ES","https:\/\/x.com\/PCabarceno","https:\/\/www.instagram.com\/cabarcenooficial\/?hl=es","https:\/\/www.youtube.com\/@cantabriaturismo"]},{"@type":"Person","@id":"https:\/\/parquedecabarceno.com\/english\/#\/schema\/person\/4149c8548a5055a7155b5976a67914b9","name":"marketing1"}]}},"_links":{"self":[{"href":"https:\/\/parquedecabarceno.com\/english\/wp-json\/wp\/v2\/posts\/21722","targetHints":{"allow":["GET"]}}],"collection":[{"href":"https:\/\/parquedecabarceno.com\/english\/wp-json\/wp\/v2\/posts"}],"about":[{"href":"https:\/\/parquedecabarceno.com\/english\/wp-json\/wp\/v2\/types\/post"}],"author":[{"embeddable":true,"href":"https:\/\/parquedecabarceno.com\/english\/wp-json\/wp\/v2\/users\/2"}],"replies":[{"embeddable":true,"href":"https:\/\/parquedecabarceno.com\/english\/wp-json\/wp\/v2\/comments?post=21722"}],"version-history":[{"count":2,"href":"https:\/\/parquedecabarceno.com\/english\/wp-json\/wp\/v2\/posts\/21722\/revisions"}],"predecessor-version":[{"id":21726,"href":"https:\/\/parquedecabarceno.com\/english\/wp-json\/wp\/v2\/posts\/21722\/revisions\/21726"}],"wp:featuredmedia":[{"embeddable":true,"href":"https:\/\/parquedecabarceno.com\/english\/wp-json\/wp\/v2\/media\/21723"}],"wp:attachment":[{"href":"https:\/\/parquedecabarceno.com\/english\/wp-json\/wp\/v2\/media?parent=21722"}],"wp:term":[{"taxonomy":"category","embeddable":true,"href":"https:\/\/parquedecabarceno.com\/english\/wp-json\/wp\/v2\/categories?post=21722"},{"taxonomy":"post_tag","embeddable":true,"href":"https:\/\/parquedecabarceno.com\/english\/wp-json\/wp\/v2\/tags?post=21722"}],"curies":[{"name":"wp","href":"https:\/\/api.w.org\/{rel}","templated":true}]}}